{"id":5235,"date":"2017-08-30T07:39:50","date_gmt":"2017-08-30T05:39:50","guid":{"rendered":"http:\/\/clubsublimoges.fr\/?p=5235"},"modified":"2017-12-24T09:29:52","modified_gmt":"2017-12-24T08:29:52","slug":"sejour-dete-a-rosas-cala-montjoi","status":"publish","type":"post","link":"https:\/\/clubsublimoges.fr\/?p=5235","title":{"rendered":"S\u00e9jour d&rsquo;\u00e9t\u00e9 \u00e0 Rosas (Cala Montjoi)"},"content":{"rendered":"<p>Comme les ann\u00e9es pr\u00e9c\u00e9dentes, le CSL a organis\u00e9 du 19 au 26 Aout 2017, un s\u00e9jour vacances \u00ab\u00a0famille\u00a0\u00bb et plong\u00e9es au Village de Vacances de Cala Montjoi \u00e0 ROSAS.<\/p>\n<p>Cette ann\u00e9e toutes les conditions \u00e9taient r\u00e9unies pour la r\u00e9ussite de cette sortie : m\u00e9t\u00e9o agr\u00e9able avec temps ensoleill\u00e9, mer calme, belle visibilit\u00e9 sous l&rsquo;eau &#8230;. et les poissons au rendez-vous, notamment\u00a0 m\u00e9rous et barracudas.<\/p>\n<p>Avec 16 plongeurs parmi le groupe d&rsquo;une cinquantaine de participants, le bateau du CSL affichait complet lors des deux sorties journali\u00e8res.<\/p>\n<p>S\u00e9jour vacances et farniente, certes, mais avec quand m\u00eame, en olus des plong\u00e9es \u00ab\u00a0explo\u00a0\u00bb, un peu de formation (grace aux encadrants b\u00e9n\u00e9voles) envers adultes et enfants &#8230;.. et des r\u00e9sultats en fin de s\u00e9jour:<\/p>\n<ul>\n<li>Philippe Floranceau a valid\u00e9 sa formation Plongeur Nitrox.<\/li>\n<li>Emma Bertolotti, Patricia Gaillard et Caroline Dionis du S\u00e9jour ont termin\u00e9 et valid\u00e9 leur formation Plongeur Niveau 2.<\/li>\n<li>Trois \u00ab\u00a0Pack D\u00e9couverte FFESSM\u00a0\u00bb avec le niveau PE12 ont \u00e9t\u00e9 d\u00e9livr\u00e9s \u00e0 P\u00e9n\u00e9lope et Ninon Chardac et \u00e0 Camille Labidoire.<\/li>\n<li>Camille Floranceau a valid\u00e9 son \u00ab\u00a0Plongeur Or\u00a0\u00bb et Tym\u00e9o Floranceau son \u00ab\u00a0Plongeur Bronze\u00a0\u00bb<\/li>\n<\/ul>\n<p>Cinq bapt\u00eames ont \u00e9galement \u00e9t\u00e9 r\u00e9alis\u00e9s (4 enfants et 1 adulte).<\/p>\n<p>Au total 145 plong\u00e9es ont \u00e9t\u00e9 comptabilis\u00e9es sur le carnet de bord du club au cours de s\u00e9jour qui restera dans la m\u00e9moire de bon nombre des partcipants.<\/p>\n<p>Et bien sur, les photos traditionnelles, autour du pot de l&rsquo;amiti\u00e9, avec les encadrants et les nouveaux \u00ab\u00a0promus\u00a0\u00bb, adultes et enfants.<\/p>\n<p><a href=\"https:\/\/clubsublimoges.fr\/?attachment_id=5237\" rel=\"attachment wp-att-5237\"><img loading=\"lazy\" decoding=\"async\" class=\"alignnone wp-image-5237\" src=\"https:\/\/clubsublimoges.fr\/wp-content\/uploads\/2017\/08\/20170824_CSL-Rosas-300x211.jpg\" alt=\"\" width=\"500\" height=\"352\" srcset=\"https:\/\/clubsublimoges.fr\/wp-content\/uploads\/2017\/08\/20170824_CSL-Rosas-300x211.jpg 300w, https:\/\/clubsublimoges.fr\/wp-content\/uploads\/2017\/08\/20170824_CSL-Rosas-768x541.jpg 768w, https:\/\/clubsublimoges.fr\/wp-content\/uploads\/2017\/08\/20170824_CSL-Rosas-1024x721.jpg 1024w, https:\/\/clubsublimoges.fr\/wp-content\/uploads\/2017\/08\/20170824_CSL-Rosas.jpg 1501w\" sizes=\"auto, (max-width: 500px) 100vw, 500px\" \/><\/a><\/p>\n<p><a href=\"https:\/\/clubsublimoges.fr\/?attachment_id=5238\" rel=\"attachment wp-att-5238\"><img loading=\"lazy\" decoding=\"async\" class=\"alignnone wp-image-5238\" src=\"https:\/\/clubsublimoges.fr\/wp-content\/uploads\/2017\/08\/20170825_CSL-Rosas-300x207.jpg\" alt=\"\" width=\"500\" height=\"345\" srcset=\"https:\/\/clubsublimoges.fr\/wp-content\/uploads\/2017\/08\/20170825_CSL-Rosas-300x207.jpg 300w, https:\/\/clubsublimoges.fr\/wp-content\/uploads\/2017\/08\/20170825_CSL-Rosas-768x530.jpg 768w, https:\/\/clubsublimoges.fr\/wp-content\/uploads\/2017\/08\/20170825_CSL-Rosas-1024x706.jpg 1024w, https:\/\/clubsublimoges.fr\/wp-content\/uploads\/2017\/08\/20170825_CSL-Rosas.jpg 1695w\" sizes=\"auto, (max-width: 500px) 100vw, 500px\" \/><\/a><\/p>\n","protected":false},"excerpt":{"rendered":"<p>Comme les ann\u00e9es pr\u00e9c\u00e9dentes, le CSL a organis\u00e9 du 19 au 26 Aout 2017, un s\u00e9jour vacances \u00ab\u00a0famille\u00a0\u00bb et plong\u00e9es au Village de Vacances de Cala Montjoi \u00e0 ROSAS. Cette ann\u00e9e toutes les conditions \u00e9taient r\u00e9unies pour la r\u00e9ussite de cette sortie : m\u00e9t\u00e9o agr\u00e9able avec temps ensoleill\u00e9, mer calme, belle visibilit\u00e9 sous l&rsquo;eau &#8230;. [&hellip;]<\/p>\n","protected":false},"author":4,"featured_media":0,"comment_status":"closed","ping_status":"open","sticky":false,"template":"","format":"standard","meta":{"_crdt_document":"","site-sidebar-layout":"default","site-content-layout":"","ast-site-content-layout":"default","site-content-style":"default","site-sidebar-style":"default","ast-global-header-display":"","ast-banner-title-visibility":"","ast-main-header-display":"","ast-hfb-above-header-display":"","ast-hfb-below-header-display":"","ast-hfb-mobile-header-display":"","site-post-title":"","ast-breadcrumbs-content":"","ast-featured-img":"","footer-sml-layout":"","ast-disable-related-posts":"","theme-transparent-header-meta":"","adv-header-id-meta":"","stick-header-meta":"","header-above-stick-meta":"","header-main-stick-meta":"","header-below-stick-meta":"","astra-migrate-meta-layouts":"default","ast-page-background-enabled":"default","ast-page-background-meta":{"desktop":{"background-color":"","background-image":"","background-repeat":"repeat","background-position":"center center","background-size":"auto","background-attachment":"scroll","background-type":"","background-media":"","overlay-type":"","overlay-color":"","overlay-opacity":"","overlay-gradient":""},"tablet":{"background-color":"","background-image":"","background-repeat":"repeat","background-position":"center center","background-size":"auto","background-attachment":"scroll","background-type":"","background-media":"","overlay-type":"","overlay-color":"","overlay-opacity":"","overlay-gradient":""},"mobile":{"background-color":"","background-image":"","background-repeat":"repeat","background-position":"center center","background-size":"auto","background-attachment":"scroll","background-type":"","background-media":"","overlay-type":"","overlay-color":"","overlay-opacity":"","overlay-gradient":""}},"ast-content-background-meta":{"desktop":{"background-color":"var(--ast-global-color-5)","background-image":"","background-repeat":"repeat","background-position":"center center","background-size":"auto","background-attachment":"scroll","background-type":"","background-media":"","overlay-type":"","overlay-color":"","overlay-opacity":"","overlay-gradient":""},"tablet":{"background-color":"var(--ast-global-color-5)","background-image":"","background-repeat":"repeat","background-position":"center center","background-size":"auto","background-attachment":"scroll","background-type":"","background-media":"","overlay-type":"","overlay-color":"","overlay-opacity":"","overlay-gradient":""},"mobile":{"background-color":"var(--ast-global-color-5)","background-image":"","background-repeat":"repeat","background-position":"center center","background-size":"auto","background-attachment":"scroll","background-type":"","background-media":"","overlay-type":"","overlay-color":"","overlay-opacity":"","overlay-gradient":""}},"footnotes":""},"categories":[3,13],"tags":[],"class_list":["post-5235","post","type-post","status-publish","format-standard","hentry","category-csl","category-sorties-plongees"],"_links":{"self":[{"href":"https:\/\/clubsublimoges.fr\/index.php?rest_route=\/wp\/v2\/posts\/5235","targetHints":{"allow":["GET"]}}],"collection":[{"href":"https:\/\/clubsublimoges.fr\/index.php?rest_route=\/wp\/v2\/posts"}],"about":[{"href":"https:\/\/clubsublimoges.fr\/index.php?rest_route=\/wp\/v2\/types\/post"}],"author":[{"embeddable":true,"href":"https:\/\/clubsublimoges.fr\/index.php?rest_route=\/wp\/v2\/users\/4"}],"replies":[{"embeddable":true,"href":"https:\/\/clubsublimoges.fr\/index.php?rest_route=%2Fwp%2Fv2%2Fcomments&post=5235"}],"version-history":[{"count":5,"href":"https:\/\/clubsublimoges.fr\/index.php?rest_route=\/wp\/v2\/posts\/5235\/revisions"}],"predecessor-version":[{"id":5249,"href":"https:\/\/clubsublimoges.fr\/index.php?rest_route=\/wp\/v2\/posts\/5235\/revisions\/5249"}],"wp:attachment":[{"href":"https:\/\/clubsublimoges.fr\/index.php?rest_route=%2Fwp%2Fv2%2Fmedia&parent=5235"}],"wp:term":[{"taxonomy":"category","embeddable":true,"href":"https:\/\/clubsublimoges.fr\/index.php?rest_route=%2Fwp%2Fv2%2Fcategories&post=5235"},{"taxonomy":"post_tag","embeddable":true,"href":"https:\/\/clubsublimoges.fr\/index.php?rest_route=%2Fwp%2Fv2%2Ftags&post=5235"}],"curies":[{"name":"wp","href":"https:\/\/api.w.org\/{rel}","templated":true}]}}